{"@context":"https:\/\/schema.org\/","@type":"CollectionPage","@id":"https:\/\/www.mauz.cz\/www\/#CollectionPage","headline":"Www Category","description":"","url":"https:\/\/www.mauz.cz\/www\/","hasPart":[{"@type":"Article","@id":"https:\/\/www.mauz.cz\/v-oblasti-pujcek-stojime-pri-vas\/","headline":"V oblasti p\u016fj\u010dek stoj\u00edme p\u0159i v\u00e1s","url":"https:\/\/www.mauz.cz\/v-oblasti-pujcek-stojime-pri-vas\/","datePublished":"2018-03-17","dateModified":"2018-03-17","mainEntityOfPage":"https:\/\/www.mauz.cz\/v-oblasti-pujcek-stojime-pri-vas\/","author":{"@type":"Person","@id":"https:\/\/www.mauz.cz\/author\/devene\/#Person","name":"devene","url":"https:\/\/www.mauz.cz\/author\/devene\/","identifier":1,"image":{"@type":"ImageObject","@id":"https:\/\/secure.gravatar.com\/avatar\/06473a178d94fb830b46e277369729e9534f2612e261ec2f1ee96b672ef473e2?s=96&d=mm&r=g","url":"https:\/\/secure.gravatar.com\/avatar\/06473a178d94fb830b46e277369729e9534f2612e261ec2f1ee96b672ef473e2?s=96&d=mm&r=g","height":96,"width":96}},"publisher":{"@type":"Organization","name":"mauz.cz","logo":{"@type":"ImageObject","@id":"\/logo.png","url":"\/logo.png","width":600,"height":60}},"image":{"@type":"ImageObject","@id":"https:\/\/www.mauz.cz\/wp-content\/uploads\/img_a315711_w2510_t1526579223.jpg","url":"https:\/\/www.mauz.cz\/wp-content\/uploads\/img_a315711_w2510_t1526579223.jpg","height":0,"width":0},"keywords":null}]}